[{ "title": "Progon ‘pagana’ u Petom danu: Zla se pripisuju nekr\u0161\u0107anima, kr\u0161\u0107anstvo prisvaja sve dobro.", "datum": "27. travnja 2026.", "content": "Marijana Bijeli\u0107, koja se deklarira kao marksistica i ljevi\u010darka i Matija \u0160tahan, konzervativac, imaju sukladne poglede na odnos kr\u0161\u0107anstva i 'pagana'. Ksenija Kordi\u0107 obja\u0161njava koliko su oboje u krivu i koje su kulturne i civilizacijske konzekvence tog pogre\u0161nog shva\u0107anja prema kojem je mo\u0107 poganski a milosr\u0111e kr\u0161\u0107anski princip", "autor": "Ksenija Kordi\u0107", "permalink": "https://ideje.hr/progon-pagana-u-petom-danu-zla-se-pripisuju-nekrscanima-krscanstvo-prisvaja-sve-dobro/", "image": "https://ideje.hr/wp-content/uploads/2026/04/Bijelic-i-Stahan-Izvor-FB-stranica-Petog-dana-450x300.jpg" },{ "title": "Hrvatska 2026. – Ruljo, kak’ smo mi jadni!", "datum": "28. travnja 2026.", "content": "Kako smo kao dru\u0161tvo u 40 godina napravili puni krug i na\u0161li se u sli\u010dnoj situaciji kao pred sam krah Jugoslavije, za\u0161to vu\u010demo poteze koji izgledaju kao ponavljanje vlastitih pogre\u0161aka, i za\u0161to Andrej Plenkovi\u0107 sve vi\u0161e podsje\u0107a na Antu Markovi\u0107a, pita se Goran Gerovac. ", "autor": "Goran Gerovac", "permalink": "https://ideje.hr/hrvatska-2026-ruljo-kak-smo-mi-jadni/", "image": "https://ideje.hr/wp-content/uploads/2026/04/Ideje-Naslovna-Fotka-1-1-450x300.jpg" },{ "title": "Rje\u0161enje za Ustavni sud mogu biti izbori", "datum": "27. travnja 2026.", "content": "O Hrvatskoj koja po me\u0111unarodnim ocjenama klizi u autokraciju, o \u0161teti koju trpi pravosu\u0111e jer nemamo predsjednika Vrhovnog suda vi\u0161e od godinu dana, i o kriterijima koje bismo morali primjenjivati pri izboru sudaca Ustavnog suda govori profesorica Pravnog fakulteta u Zagrebu Zlata \u0110ur\u0111evi\u0107, \u010dlanica saborskog Odbora za pravosu\u0111e i predsjednica SDP-ovog Savjeta za pravosu\u0111e. ", "autor": "Domagoj Novokmet", "permalink": "https://ideje.hr/rjesenje-za-ustavni-sud-mogu-biti-izbori/", "image": "https://ideje.hr/wp-content/uploads/2026/04/Snimka-zaslona-2026-04-27-121726-450x300.png" }]